{"id":1165,"date":"2025-04-10T13:44:02","date_gmt":"2025-04-10T11:44:02","guid":{"rendered":"https:\/\/elpalauetdelpriorat.com\/en-quete-dun-reve\/"},"modified":"2025-08-03T11:07:13","modified_gmt":"2025-08-03T09:07:13","slug":"en-quete-dun-reve","status":"publish","type":"post","link":"https:\/\/elpalauetdelpriorat.com\/fr\/en-quete-dun-reve\/","title":{"rendered":"En qu\u00eate d&rsquo;un r\u00eave"},"content":{"rendered":"\n<p><em>Que vous pensiez pouvoir ou ne pas pouvoir\u2026<\/em><\/p>\n\n<h3 class=\"wp-block-heading\"><em>Vous avez raison.<\/em><\/h3>\n\n<p>Nous venons de mondes diff\u00e9rents et avons d\u00e9cid\u00e9 de rompre avec l&rsquo;ordinaire, de cr\u00e9er un r\u00eave et de laisser l&rsquo;imagination s&rsquo;envoler. Il y a 6 ans, nous sommes venus au village de Cornudella de Montsant avec l&rsquo;esprit libre d&rsquo;essayer, mais amoureux de l&rsquo;environnement et d&rsquo;une maison spectaculaire, c&rsquo;est ce qui nous a fait rester.<\/p>\n\n<p>Des d\u00e9buts difficiles, des emplois \u00e0 plus de 50 km et les gens nous r\u00e9p\u00e9taient sans cesse que vivre dans un village est tr\u00e8s beau mais difficile \u00e0 concilier. Je ne sais pas si c&rsquo;\u00e9tait la noblesse de vivre dans une maison de plus de 140 ans d&rsquo;\u00e2ge ou la magie mystique des montagnes du Montsant, mais le r\u00eave est devenu r\u00e9alit\u00e9.<\/p>\n<div class=\"wp-block-image\">\n<figure class=\"aligncenter size-full\"><img loading=\"lazy\" decoding=\"async\" width=\"960\" height=\"332\" src=\"https:\/\/elpalauetdelpriorat.com\/wp-content\/uploads\/2025\/04\/IMG_0494.jpg\" alt=\"\" class=\"wp-image-449\" srcset=\"https:\/\/elpalauetdelpriorat.com\/wp-content\/uploads\/2025\/04\/IMG_0494.jpg 960w, https:\/\/elpalauetdelpriorat.com\/wp-content\/uploads\/2025\/04\/IMG_0494-300x104.jpg 300w, https:\/\/elpalauetdelpriorat.com\/wp-content\/uploads\/2025\/04\/IMG_0494-768x266.jpg 768w, https:\/\/elpalauetdelpriorat.com\/wp-content\/uploads\/2025\/04\/IMG_0494-600x208.jpg 600w\" sizes=\"auto, (max-width: 960px) 100vw, 960px\" \/><\/figure>\n<\/div>\n<p>Il y a un peu plus de quelques mois, l&rsquo;id\u00e9e de dormir dans le Priorat nous est venue, Exp\u00e9rience, confort et bien-\u00eatre et nous nous sommes mis au travail.<\/p>\n<div class=\"wp-block-image\">\n<figure class=\"alignleft size-full\"><img loading=\"lazy\" decoding=\"async\" width=\"225\" height=\"300\" src=\"https:\/\/elpalauetdelpriorat.com\/wp-content\/uploads\/2025\/04\/IMG_3219-225x300-1.jpg\" alt=\"\" class=\"wp-image-448\"\/><\/figure>\n<\/div>\n<p>Pluie d&rsquo;id\u00e9es, motiv\u00e9es par le d\u00e9sir de captiver et de partager avec le tourisme notre petit bijou du Palauet del Priorat. Petit \u00e0 petit, nous avons commenc\u00e9 \u00e0 nous former, tout \u00e9tait nouveau, maisons rurales de charme, booking, airbnb, suites, exp\u00e9riences, construction \u00e9cologique et durable, qualit\u00e9 et r\u00e9pondre aux questions de o\u00f9 dormir dans le Priorat, que faire dans le Priorat et que voir dans le Priorat\u2026 cela a \u00e9t\u00e9 d&rsquo;une grande aide pour construire un oasis de plaisir et de bien-\u00eatre.<\/p>\n\n<p>Le Palauet del Priorat est un r\u00eave que vous r\u00e9alisez, il suffit de le souhaiter pour pouvoir en profiter.<\/p>\n\n<p>D\u00e9guster des d\u00e9gustations de vin en se perdant dans les vignobles, des itin\u00e9raires \u00e0 pied ou \u00e0 v\u00e9lo ou en 4&#215;4 \u00e0 travers le Montsant et le Priorat, se rafra\u00eechir en faisant du kayak sur le Pantano de Siurana, d\u00e9couvrir la Chartreuse d&rsquo;Escaladei, les paniers de pique-nique avec des produits de proximit\u00e9 ou \u00eatre captiv\u00e9 par des villages de charme comme Siurana, Albarca ou Prades sont des exemples clairs des merveilleuses exp\u00e9riences \u00e0 pouvoir r\u00e9aliser.<\/p>\n\n<p>D\u00e9tendez-vous, go\u00fbtez \u00e0 l&rsquo;essence, au c\u0153ur du Montsant o\u00f9 paix et nature se font sentir.<\/p>\n<div class=\"wp-block-image\">\n<figure class=\"aligncenter size-full\"><img loading=\"lazy\" decoding=\"async\" width=\"1024\" height=\"680\" src=\"https:\/\/elpalauetdelpriorat.com\/wp-content\/uploads\/2025\/04\/IMG_0493-1024x680-1.jpg\" alt=\"\" class=\"wp-image-447\" srcset=\"https:\/\/elpalauetdelpriorat.com\/wp-content\/uploads\/2025\/04\/IMG_0493-1024x680-1.jpg 1024w, https:\/\/elpalauetdelpriorat.com\/wp-content\/uploads\/2025\/04\/IMG_0493-1024x680-1-300x199.jpg 300w, https:\/\/elpalauetdelpriorat.com\/wp-content\/uploads\/2025\/04\/IMG_0493-1024x680-1-768x510.jpg 768w, https:\/\/elpalauetdelpriorat.com\/wp-content\/uploads\/2025\/04\/IMG_0493-1024x680-1-600x398.jpg 600w\" sizes=\"auto, (max-width: 1024px) 100vw, 1024px\" \/><\/figure>\n<\/div>\n<p>Le Palauet del Priorat est une maison rurale de charme soign\u00e9e dans les d\u00e9tails, id\u00e9ale pour perdre la notion du temps o\u00f9 pr\u00e9sent et pass\u00e9 s&rsquo;entrelacent avec un m\u00e9lange parfait \u00e0 la disposition du client.<\/p>\n\n<p>Nous avons eu beaucoup de chance de pouvoir partager et profiter du d\u00e9but de cette aventure, qui ne fait que commencer. Les meilleurs professionnels, sp\u00e9cialistes, le meilleur mari et le meilleur ami, croyez-moi quand je dis implication inconditionnelle\u2026 sans eux, il n&rsquo;aurait pas \u00e9t\u00e9 possible de commencer.<\/p>\n\n<p><\/p>\n","protected":false},"excerpt":{"rendered":"<p>Que vous pensiez pouvoir ou ne pas pouvoir\u2026 Vous avez raison. Nous venons de mondes diff\u00e9rents et avons d\u00e9cid\u00e9 de rompre avec l&rsquo;ordinaire, de cr\u00e9er un r\u00eave et de laisser l&rsquo;imagination s&rsquo;envoler. Il y a 6 ans, nous sommes venus au village de Cornudella de Montsant avec l&rsquo;esprit libre d&rsquo;essayer, mais amoureux de l&rsquo;environnement et&#8230;<\/p>\n","protected":false},"author":1,"featured_media":1013,"comment_status":"closed","ping_status":"closed","sticky":false,"template":"","format":"standard","meta":{"_kad_post_transparent":"","_kad_post_title":"","_kad_post_layout":"","_kad_post_sidebar_id":"","_kad_post_content_style":"","_kad_post_vertical_padding":"","_kad_post_feature":"","_kad_post_feature_position":"","_kad_post_header":false,"_kad_post_footer":false,"_kad_post_classname":"","footnotes":""},"categories":[20],"tags":[],"class_list":["post-1165","post","type-post","status-publish","format-standard","has-post-thumbnail","hentry","category-nouvelles"],"_links":{"self":[{"href":"https:\/\/elpalauetdelpriorat.com\/fr\/wp-json\/wp\/v2\/posts\/1165","targetHints":{"allow":["GET"]}}],"collection":[{"href":"https:\/\/elpalauetdelpriorat.com\/fr\/wp-json\/wp\/v2\/posts"}],"about":[{"href":"https:\/\/elpalauetdelpriorat.com\/fr\/wp-json\/wp\/v2\/types\/post"}],"author":[{"embeddable":true,"href":"https:\/\/elpalauetdelpriorat.com\/fr\/wp-json\/wp\/v2\/users\/1"}],"replies":[{"embeddable":true,"href":"https:\/\/elpalauetdelpriorat.com\/fr\/wp-json\/wp\/v2\/comments?post=1165"}],"version-history":[{"count":1,"href":"https:\/\/elpalauetdelpriorat.com\/fr\/wp-json\/wp\/v2\/posts\/1165\/revisions"}],"predecessor-version":[{"id":1166,"href":"https:\/\/elpalauetdelpriorat.com\/fr\/wp-json\/wp\/v2\/posts\/1165\/revisions\/1166"}],"wp:featuredmedia":[{"embeddable":true,"href":"https:\/\/elpalauetdelpriorat.com\/fr\/wp-json\/wp\/v2\/media\/1013"}],"wp:attachment":[{"href":"https:\/\/elpalauetdelpriorat.com\/fr\/wp-json\/wp\/v2\/media?parent=1165"}],"wp:term":[{"taxonomy":"category","embeddable":true,"href":"https:\/\/elpalauetdelpriorat.com\/fr\/wp-json\/wp\/v2\/categories?post=1165"},{"taxonomy":"post_tag","embeddable":true,"href":"https:\/\/elpalauetdelpriorat.com\/fr\/wp-json\/wp\/v2\/tags?post=1165"}],"curies":[{"name":"wp","href":"https:\/\/api.w.org\/{rel}","templated":true}]}}