{"id":1163,"date":"2025-04-10T13:44:02","date_gmt":"2025-04-10T11:44:02","guid":{"rendered":"https:\/\/elpalauetdelpriorat.com\/auf-der-suche-nach-einem-traum\/"},"modified":"2025-08-03T11:07:13","modified_gmt":"2025-08-03T09:07:13","slug":"auf-der-suche-nach-einem-traum","status":"publish","type":"post","link":"https:\/\/elpalauetdelpriorat.com\/de\/auf-der-suche-nach-einem-traum\/","title":{"rendered":"Auf der Suche nach einem Traum"},"content":{"rendered":"\n<p><em>Ob du glaubst, du kannst es, oder ob du glaubst, du kannst es nicht\u2026<\/em><\/p>\n\n<h3 class=\"wp-block-heading\"><em>Du hast Recht.<\/em><\/h3>\n\n<p>Wir kommen aus verschiedenen Welten und haben beschlossen, mit dem \u00dcblichen zu brechen, einen Traum zu erschaffen und der Fantasie freien Lauf zu lassen. Vor 6 Jahren kamen wir in das Dorf Cornudella de Montsant mit dem freien Gedanken, es auszuprobieren, aber verliebt in die Umgebung und ein spektakul\u00e4res Haus, das war es, was uns zum Bleiben bewegte.<\/p>\n\n<p>Harte Anf\u00e4nge, Arbeit mehr als 50 km entfernt und die Leute wiederholten uns immer wieder, dass das Leben in einem Dorf sehr sch\u00f6n, aber schwer zu vereinbaren ist. Ich wei\u00df nicht, ob es der Adel war, in einem \u00fcber 140 Jahre alten Haus zu leben, oder die mystische Magie der Montsant-Berge, aber der Traum wurde wahr.<\/p>\n<div class=\"wp-block-image\">\n<figure class=\"aligncenter size-full\"><img loading=\"lazy\" decoding=\"async\" width=\"960\" height=\"332\" src=\"https:\/\/elpalauetdelpriorat.com\/wp-content\/uploads\/2025\/04\/IMG_0494.jpg\" alt=\"\" class=\"wp-image-449\" srcset=\"https:\/\/elpalauetdelpriorat.com\/wp-content\/uploads\/2025\/04\/IMG_0494.jpg 960w, https:\/\/elpalauetdelpriorat.com\/wp-content\/uploads\/2025\/04\/IMG_0494-300x104.jpg 300w, https:\/\/elpalauetdelpriorat.com\/wp-content\/uploads\/2025\/04\/IMG_0494-768x266.jpg 768w, https:\/\/elpalauetdelpriorat.com\/wp-content\/uploads\/2025\/04\/IMG_0494-600x208.jpg 600w\" sizes=\"auto, (max-width: 960px) 100vw, 960px\" \/><\/figure>\n<\/div>\n<p>Vor etwas mehr als ein paar Monaten hatten wir die Idee, im Priorat zu schlafen, Erfahrung, Komfort und Wohlbefinden, und wir machten uns an die Arbeit.<\/p>\n<div class=\"wp-block-image\">\n<figure class=\"alignleft size-full\"><img loading=\"lazy\" decoding=\"async\" width=\"225\" height=\"300\" src=\"https:\/\/elpalauetdelpriorat.com\/wp-content\/uploads\/2025\/04\/IMG_3219-225x300-1.jpg\" alt=\"\" class=\"wp-image-448\"\/><\/figure>\n<\/div>\n<p>Ein Brainstorming, motiviert von dem Wunsch, den Tourismus zu fesseln und unsere kleine Perle des Palauet del Priorat mit ihm zu teilen. Nach und nach begannen wir, uns weiterzubilden, alles war neu, charmante Landh\u00e4user, Booking, Airbnb, Suiten, Erlebnisse, \u00f6kologisches und nachhaltiges Bauen, Qualit\u00e4t und die Beantwortung von Fragen, wo man im Priorat schlafen, was man im Priorat tun und was man im Priorat sehen kann\u2026 es war eine gro\u00dfe Hilfe, um eine Oase des Vergn\u00fcgens und des Wohlbefindens zu schaffen.<\/p>\n\n<p>Das Palauet del Priorat ist ein Traum, den du verwirklichst, du musst ihn dir nur w\u00fcnschen, um ihn genie\u00dfen zu k\u00f6nnen.<\/p>\n\n<p>Weinproben genie\u00dfen, sich zwischen Weinbergen verlieren, Wander- oder Radtouren oder mit dem Gel\u00e4ndewagen durch den Montsant und den Priorat, Kajakfahren auf dem Stausee von Siurana, die Kartause von Escaladei entdecken, Picknickk\u00f6rbe mit regionalen Produkten oder sich von charmanten D\u00f6rfern wie Siurana, Albarca oder Prades verzaubern lassen, sind klare Beispiele f\u00fcr die wunderbaren Erlebnisse, die man machen kann.<\/p>\n\n<p>Entspannen Sie sich, probieren Sie die Essenz im Herzen des Montsant, wo Frieden und Natur sp\u00fcrbar sind.<\/p>\n<div class=\"wp-block-image\">\n<figure class=\"aligncenter size-full\"><img loading=\"lazy\" decoding=\"async\" width=\"1024\" height=\"680\" src=\"https:\/\/elpalauetdelpriorat.com\/wp-content\/uploads\/2025\/04\/IMG_0493-1024x680-1.jpg\" alt=\"\" class=\"wp-image-447\" srcset=\"https:\/\/elpalauetdelpriorat.com\/wp-content\/uploads\/2025\/04\/IMG_0493-1024x680-1.jpg 1024w, https:\/\/elpalauetdelpriorat.com\/wp-content\/uploads\/2025\/04\/IMG_0493-1024x680-1-300x199.jpg 300w, https:\/\/elpalauetdelpriorat.com\/wp-content\/uploads\/2025\/04\/IMG_0493-1024x680-1-768x510.jpg 768w, https:\/\/elpalauetdelpriorat.com\/wp-content\/uploads\/2025\/04\/IMG_0493-1024x680-1-600x398.jpg 600w\" sizes=\"auto, (max-width: 1024px) 100vw, 1024px\" \/><\/figure>\n<\/div>\n<p>Das Palauet del Priorat ist ein charmantes Landhaus mit Liebe zum Detail, ideal, um das Zeitgef\u00fchl zu verlieren, wo sich Gegenwart und Vergangenheit in einer perfekten Mischung f\u00fcr den Kunden verflechten.<\/p>\n\n<p>Wir hatten gro\u00dfes Gl\u00fcck, den Beginn dieses Abenteuers teilen und genie\u00dfen zu k\u00f6nnen, das gerade erst begonnen hat. Die besten Fachleute, Spezialisten, der beste Ehemann und der beste Freund, glaubt mir, wenn ich sage, bedingungsloses Engagement\u2026 ohne sie w\u00e4re es nicht m\u00f6glich gewesen, \u00fcberhaupt anzufangen.<\/p>\n\n<p><\/p>\n","protected":false},"excerpt":{"rendered":"<p>Ob du glaubst, du kannst es, oder ob du glaubst, du kannst es nicht\u2026 Du hast Recht. Wir kommen aus verschiedenen Welten und haben beschlossen, mit dem \u00dcblichen zu brechen, einen Traum zu erschaffen und der Fantasie freien Lauf zu lassen. Vor 6 Jahren kamen wir in das Dorf Cornudella de Montsant mit dem freien&#8230;<\/p>\n","protected":false},"author":1,"featured_media":1014,"comment_status":"closed","ping_status":"closed","sticky":false,"template":"","format":"standard","meta":{"_kad_post_transparent":"","_kad_post_title":"","_kad_post_layout":"","_kad_post_sidebar_id":"","_kad_post_content_style":"","_kad_post_vertical_padding":"","_kad_post_feature":"","_kad_post_feature_position":"","_kad_post_header":false,"_kad_post_footer":false,"_kad_post_classname":"","footnotes":""},"categories":[22],"tags":[],"class_list":["post-1163","post","type-post","status-publish","format-standard","has-post-thumbnail","hentry","category-nachrichten"],"_links":{"self":[{"href":"https:\/\/elpalauetdelpriorat.com\/de\/wp-json\/wp\/v2\/posts\/1163","targetHints":{"allow":["GET"]}}],"collection":[{"href":"https:\/\/elpalauetdelpriorat.com\/de\/wp-json\/wp\/v2\/posts"}],"about":[{"href":"https:\/\/elpalauetdelpriorat.com\/de\/wp-json\/wp\/v2\/types\/post"}],"author":[{"embeddable":true,"href":"https:\/\/elpalauetdelpriorat.com\/de\/wp-json\/wp\/v2\/users\/1"}],"replies":[{"embeddable":true,"href":"https:\/\/elpalauetdelpriorat.com\/de\/wp-json\/wp\/v2\/comments?post=1163"}],"version-history":[{"count":1,"href":"https:\/\/elpalauetdelpriorat.com\/de\/wp-json\/wp\/v2\/posts\/1163\/revisions"}],"predecessor-version":[{"id":1164,"href":"https:\/\/elpalauetdelpriorat.com\/de\/wp-json\/wp\/v2\/posts\/1163\/revisions\/1164"}],"wp:featuredmedia":[{"embeddable":true,"href":"https:\/\/elpalauetdelpriorat.com\/de\/wp-json\/wp\/v2\/media\/1014"}],"wp:attachment":[{"href":"https:\/\/elpalauetdelpriorat.com\/de\/wp-json\/wp\/v2\/media?parent=1163"}],"wp:term":[{"taxonomy":"category","embeddable":true,"href":"https:\/\/elpalauetdelpriorat.com\/de\/wp-json\/wp\/v2\/categories?post=1163"},{"taxonomy":"post_tag","embeddable":true,"href":"https:\/\/elpalauetdelpriorat.com\/de\/wp-json\/wp\/v2\/tags?post=1163"}],"curies":[{"name":"wp","href":"https:\/\/api.w.org\/{rel}","templated":true}]}}