{"id":1159,"date":"2025-04-10T22:27:48","date_gmt":"2025-04-10T20:27:48","guid":{"rendered":"https:\/\/elpalauetdelpriorat.com\/priorat-amb-anima-10-experiencies-inoblidables-des-del-palauet-del-priorat\/"},"modified":"2025-08-03T11:07:12","modified_gmt":"2025-08-03T09:07:12","slug":"priorat-amb-anima-10-experiencies-inoblidables-des-del-palauet-del-priorat","status":"publish","type":"post","link":"https:\/\/elpalauetdelpriorat.com\/ca\/priorat-amb-anima-10-experiencies-inoblidables-des-del-palauet-del-priorat\/","title":{"rendered":"Priorat amb \u00e0nima: 10 experi\u00e8ncies inoblidables des d&#8217;El Palauet del Priorat"},"content":{"rendered":"\n<p>El Priorat \u00e9s una terra que convida a ser descoberta amb tots els sentits. Si t&#8217;allotges a <strong>El Palauet del Priorat<\/strong>, al cor de Cornudella de Montsant, et proposem deu activitats que et permetran connectar profundament amb l&#8217;ess\u00e8ncia d&#8217;aquesta comarca \u00fanica.<\/p>\n\n<h3 class=\"wp-block-heading\">1. \ud83c\udf77 Tastos exclusius a Terra del Priorat<\/h3>\n\n<p>Submergeix-te en una experi\u00e8ncia enol\u00f2gica de primer nivell amb els tastos personalitzats que ofereix <a href=\"https:\/\/terradelpriorat.com\/es\/enoturismo-y-experiencias\">Terra del Priorat<\/a>. Aqu\u00ed podr\u00e0s degustar vins de la <strong>DOQ Priorat<\/strong> i <strong>DO Montsant<\/strong>, explorant els seus matisos i aprenent sobre la seva elaboraci\u00f3 de la m\u00e0 d&#8217;experts locals. Les visites guiades inclouen passejades per les vinyes, explicacions sobre la hist\u00f2ria del celler i maridatges amb productes de la zona. Ideal per als que busquen entendre el vi des del seu origen i sentir l&#8217;\u00e0nima d&#8217;aquesta terra.<\/p>\n\n<h3 class=\"wp-block-heading\">2. \u26f0\ufe0f Senderisme a la Serra de Montsant<\/h3>\n\n<p>Explora rutes emblem\u00e0tiques com la que connecta <strong>La Morera de Montsant<\/strong> amb el <strong>Grau de l&#8217;Escletxa<\/strong>, on cada pas et revelar\u00e0 paisatges impressionants i una biodiversitat sorprenent. Aquestes rutes permeten una desconnexi\u00f3 real del soroll i del ritme urb\u00e0, i ofereixen parades en miradors naturals amb vistes que tallen l&#8217;al\u00e8. Tamb\u00e9 pots visitar ermites a\u00efllades i zones de meditaci\u00f3 freq\u00fcentades antigament per monjos cartoixans.<\/p>\n\n<h3 class=\"wp-block-heading\">3. \ud83d\udeb4\u200d\u2642\ufe0f Rutes en bicicleta entre vinyes i ermites<\/h3>\n\n<p>Recorre en bicicleta els senders que serpentegen entre vinyes centen\u00e0ries i ermites hist\u00f2riques. Ja sigui en una bicicleta tradicional o el\u00e8ctrica, aquestes rutes t&#8217;ofereixen una perspectiva activa del paisatge del Priorat. Pots aturar-te en pobles com Porrera o Gratallops, gaudir d&#8217;un tast en un celler petit o simplement fer una pausa per admirar el paisatge. Algunes rutes estan pensades per a tots els nivells, i hi ha empreses que lloguen bicicletes i ofereixen rutes guiades.<\/p>\n\n<h3 class=\"wp-block-heading\">4. \ud83c\udf7d\ufe0f Gastronomia local a l&#8217;Espai Gastron\u00f2mic de Terra del Priorat<\/h3>\n\n<p>Gaudeix de la cuina tradicional del Priorat amb un toc modern a l&#8217;<a>Espai Gastron\u00f2mic de Terra del Priorat<\/a>. Plats que combinen ingredients de proximitat amb creativitat, en un espai acollidor que real\u00e7a cada mos. Pots assaborir des d&#8217;un arr\u00f2s de muntanya amb bolets de temporada fins a carns curades localment i postres amb oli d&#8217;oliva verge extra. L&#8217;experi\u00e8ncia \u00e9s tant culin\u00e0ria com sensorial, amb vistes a les vinyes i una atmosfera \u00edntima ideal per a parelles i grups redu\u00efts.<\/p>\n\n<h3 class=\"wp-block-heading\">5. \ud83e\uddd8 Sessions de benestar a l&#8217;alba<\/h3>\n\n<p>Aprofita la serenitat matinal per participar en sessions de ioga o meditaci\u00f3 als jardins d&#8217;<strong>El Palauet del Priorat<\/strong> o en paratges naturals propers. Aquestes sessions s\u00f3n guiades per professionals i permeten equilibrar cos i ment, respirar aire pur i connectar amb un mateix. Alguns hostes trien acompanyar la pr\u00e0ctica amb infusions locals i una caminada conscient pels voltants. Una forma ideal de comen\u00e7ar el dia amb energia i pau interior.<\/p>\n\n<h3 class=\"wp-block-heading\">6. \ud83c\udfde\ufe0f Visita al hist\u00f2ric poble de Siurana<\/h3>\n\n<p>A pocs quil\u00f2metres, el pintoresc poble de <strong>Siurana<\/strong> t&#8217;espera amb els seus carrers empedrats, vistes panor\u00e0miques i llegendes mores. Pots visitar les restes del castell \u00e0rab, con\u00e8ixer la tr\u00e0gica hist\u00f2ria de la princesa Abdelazia o simplement perdre&#8217;t entre els carrerons d&#8217;aquest enclavament penjat sobre l&#8217;abisme. Siurana tamb\u00e9 \u00e9s punt de partida de rutes de senderisme i escalada, i ofereix petits restaurants amb terrasses espectaculars per a un dinar amb vistes.<\/p>\n\n<h3 class=\"wp-block-heading\">7. \ud83e\uddf7 Escalada a les parets de Montsant<\/h3>\n\n<p>Per als amants de l&#8217;aventura, les formacions rocoses de la Serra de Montsant ofereixen rutes d&#8217;escalada de renom mundial. Zones com Siurana, Margalef i Arbol\u00ed atrauen escaladors de tot el planeta per la qualitat de la seva roca i la diversitat de nivells. Si mai no ho has provat, pots contactar amb guies certificats que ofereixen batejos d&#8217;escalada. Si ja tens experi\u00e8ncia, el Priorat es convertir\u00e0 en el teu nou camp base somiat.<\/p>\n\n<h3 class=\"wp-block-heading\">8. \ud83c\udf33 P\u00edcnic entre oliveres centen\u00e0ries<\/h3>\n\n<p>Organitza un p\u00edcnic amb productes locals sota l&#8217;ombra d&#8217;oliveres centen\u00e0ries, moltes d&#8217;elles amb m\u00e9s de 500 anys. Des d&#8217;embotits artesans fins a pa de forn de llenya, formatges de cabra del Montsant i fruites collides aquest mateix mat\u00ed, pots muntar un banquet campestre amb ess\u00e8ncia de territori. A El Palauet t&#8217;assessorem sobre on fer-ho, o fins i tot et preparem la cistella.<\/p>\n\n<h3 class=\"wp-block-heading\">9. \ud83c\udfe9 Exploraci\u00f3 de la Cartoixa d&#8217;Escaladei<\/h3>\n\n<p>Visita les ru\u00efnes de la primera cartoixa de la Pen\u00ednsula Ib\u00e8rica, la <strong>Cartoixa d&#8217;Escaladei<\/strong>. Fundada al segle XII, aquest lloc carregat d&#8217;espiritualitat mostra la vida austera dels monjos que hi van viure. Pots passejar per les cel\u00b7les reconstru\u00efdes, el claustre, l&#8217;esgl\u00e9sia i els horts. \u00c9s una activitat ideal per als amants de la hist\u00f2ria, per\u00f2 tamb\u00e9 per a qui busca silenci i contemplaci\u00f3.<\/p>\n\n<h3 class=\"wp-block-heading\">10. \ud83c\udf0c Observaci\u00f3 d&#8217;estrelles en nits clares<\/h3>\n\n<p>El cel nocturn del Priorat, lliure de contaminaci\u00f3 lum\u00ednica, \u00e9s perfecte per a l&#8217;observaci\u00f3 astron\u00f2mica. Pots portar una manta, una copa de vi del Palauet i simplement estirar-te a observar les constel\u00b7lacions. Si prefereixes quelcom m\u00e9s t\u00e8cnic, pots contractar una sessi\u00f3 d&#8217;observaci\u00f3 amb telescopi i explicacions astron\u00f2miques. L&#8217;entorn fa que cada nit esdevingui especial, amb cels estrellats que conviden a la contemplaci\u00f3.<\/p>\n\n<hr class=\"wp-block-separator has-alpha-channel-opacity\"\/>\n\n<p><strong>Conclusi\u00f3:<\/strong><\/p>\n\n<p>El Priorat \u00e9s una comarca que ofereix una diversitat d&#8217;experi\u00e8ncies capaces de satisfer a tot tipus de viatgers. Des de l&#8217;enologia i la gastronomia fins a l&#8217;aventura, la hist\u00f2ria i el descans conscient, cada activitat t&#8217;apropar\u00e0 m\u00e9s a l&#8217;ess\u00e8ncia d&#8217;aquesta terra. A <strong>El Palauet del Priorat<\/strong>, estem encantats d&#8217;ajudar-te a descobrir tots aquests tresors i assegurar-nos que la teva estada sigui inoblidable.<\/p>\n\n<p><em>Per a m\u00e9s informaci\u00f3 sobre les experi\u00e8ncies enol\u00f2giques i gastron\u00f2miques esmentades, visita <\/em><a href=\"https:\/\/terradelpriorat.com\/\"><em>Terra del Priorat<\/em><\/a><em>.<\/em><\/p>\n","protected":false},"excerpt":{"rendered":"<p>El Priorat \u00e9s una terra que convida a ser descoberta amb tots els sentits. Si t&#8217;allotges a El Palauet del Priorat, al cor de Cornudella de Montsant, et proposem deu activitats que et permetran connectar profundament amb l&#8217;ess\u00e8ncia d&#8217;aquesta comarca \u00fanica. 1. \ud83c\udf77 Tastos exclusius a Terra del Priorat Submergeix-te en una experi\u00e8ncia enol\u00f2gica de&#8230;<\/p>\n","protected":false},"author":1,"featured_media":1006,"comment_status":"closed","ping_status":"closed","sticky":false,"template":"","format":"standard","meta":{"_kad_post_transparent":"","_kad_post_title":"","_kad_post_layout":"","_kad_post_sidebar_id":"","_kad_post_content_style":"","_kad_post_vertical_padding":"","_kad_post_feature":"","_kad_post_feature_position":"","_kad_post_header":false,"_kad_post_footer":false,"_kad_post_classname":"","footnotes":""},"categories":[45],"tags":[],"class_list":["post-1159","post","type-post","status-publish","format-standard","has-post-thumbnail","hentry","category-bloc"],"_links":{"self":[{"href":"https:\/\/elpalauetdelpriorat.com\/ca\/wp-json\/wp\/v2\/posts\/1159","targetHints":{"allow":["GET"]}}],"collection":[{"href":"https:\/\/elpalauetdelpriorat.com\/ca\/wp-json\/wp\/v2\/posts"}],"about":[{"href":"https:\/\/elpalauetdelpriorat.com\/ca\/wp-json\/wp\/v2\/types\/post"}],"author":[{"embeddable":true,"href":"https:\/\/elpalauetdelpriorat.com\/ca\/wp-json\/wp\/v2\/users\/1"}],"replies":[{"embeddable":true,"href":"https:\/\/elpalauetdelpriorat.com\/ca\/wp-json\/wp\/v2\/comments?post=1159"}],"version-history":[{"count":1,"href":"https:\/\/elpalauetdelpriorat.com\/ca\/wp-json\/wp\/v2\/posts\/1159\/revisions"}],"predecessor-version":[{"id":1162,"href":"https:\/\/elpalauetdelpriorat.com\/ca\/wp-json\/wp\/v2\/posts\/1159\/revisions\/1162"}],"wp:featuredmedia":[{"embeddable":true,"href":"https:\/\/elpalauetdelpriorat.com\/ca\/wp-json\/wp\/v2\/media\/1006"}],"wp:attachment":[{"href":"https:\/\/elpalauetdelpriorat.com\/ca\/wp-json\/wp\/v2\/media?parent=1159"}],"wp:term":[{"taxonomy":"category","embeddable":true,"href":"https:\/\/elpalauetdelpriorat.com\/ca\/wp-json\/wp\/v2\/categories?post=1159"},{"taxonomy":"post_tag","embeddable":true,"href":"https:\/\/elpalauetdelpriorat.com\/ca\/wp-json\/wp\/v2\/tags?post=1159"}],"curies":[{"name":"wp","href":"https:\/\/api.w.org\/{rel}","templated":true}]}}