{"id":1155,"date":"2025-04-10T13:44:02","date_gmt":"2025-04-10T11:44:02","guid":{"rendered":"https:\/\/elpalauetdelpriorat.com\/a-la-recerca-dun-somni\/"},"modified":"2025-08-03T11:07:12","modified_gmt":"2025-08-03T09:07:12","slug":"a-la-recerca-dun-somni","status":"publish","type":"post","link":"https:\/\/elpalauetdelpriorat.com\/ca\/a-la-recerca-dun-somni\/","title":{"rendered":"A la recerca d&#8217;un somni"},"content":{"rendered":"\n<p><em>Tant si creus que pots com si creus que no pots&#8230;<\/em><\/p>\n\n<h3 class=\"wp-block-heading\"><em>Est\u00e0s en el cert.<\/em><\/h3>\n\n<p>Venim de mons diferents i hem decidit trencar amb l&#8217;habitual, crear un somni i deixar volar la imaginaci\u00f3. Fa 6 anys vam venir al poble de Cornudella de Montsant amb el pensament lliure de provar per\u00f2 enamorats de l&#8217;entorn i una casa espectacular, aix\u00f2 va ser el que ens va fer quedar. <\/p>\n\n<p>Comen\u00e7aments durs, treballs a m\u00e9s de 50 km de dist\u00e0ncia i la gent ens repetia sense parar que viure en un poble \u00e9s molt bonic per\u00f2 dif\u00edcil de compaginar. No s\u00e9 si va ser la noblesa de viure en una casa de m\u00e9s de 140 anys d&#8217;antiguitat o va ser la m\u00e0gia m\u00edstica de les muntanyes del Montsant, per\u00f2 el somni es va fer realitat. <\/p>\n<div class=\"wp-block-image\">\n<figure class=\"aligncenter size-full\"><img loading=\"lazy\" decoding=\"async\" width=\"960\" height=\"332\" src=\"https:\/\/elpalauetdelpriorat.com\/wp-content\/uploads\/2025\/04\/IMG_0494.jpg\" alt=\"\" class=\"wp-image-449\" srcset=\"https:\/\/elpalauetdelpriorat.com\/wp-content\/uploads\/2025\/04\/IMG_0494.jpg 960w, https:\/\/elpalauetdelpriorat.com\/wp-content\/uploads\/2025\/04\/IMG_0494-300x104.jpg 300w, https:\/\/elpalauetdelpriorat.com\/wp-content\/uploads\/2025\/04\/IMG_0494-768x266.jpg 768w, https:\/\/elpalauetdelpriorat.com\/wp-content\/uploads\/2025\/04\/IMG_0494-600x208.jpg 600w\" sizes=\"auto, (max-width: 960px) 100vw, 960px\" \/><\/figure>\n<\/div>\n<p>Fa poc m\u00e9s d&#8217;uns mesos se&#8217;ns va oc\u00f3rrer la idea de dormir al Priorat, Experi\u00e8ncia, confort i benestar i ens vam posar a treballar.<\/p>\n<div class=\"wp-block-image\">\n<figure class=\"alignleft size-full\"><img loading=\"lazy\" decoding=\"async\" width=\"225\" height=\"300\" src=\"https:\/\/elpalauetdelpriorat.com\/wp-content\/uploads\/2025\/04\/IMG_3219-225x300-1.jpg\" alt=\"\" class=\"wp-image-448\"\/><\/figure>\n<\/div>\n<p>Pluja d&#8217;idees, motivades per l&#8217;afany de captivar i compartir amb el turisme la nostra petita joia del Palauet del Priorat. A poc a poc ens vam comen\u00e7ar a formar, tot era nou, cases rurals amb encant, booking, airbnb, suites, experi\u00e8ncies, construcci\u00f3 ecol\u00f2gica i sostenible, qualitat i resoldre preguntes d&#8217;on dormir al Priorat, qu\u00e8 fer al Priorat i qu\u00e8 veure al Priorat&#8230; va ser de gran ajuda per construir un oasi de plaer i benestar. <\/p>\n\n<p>El Palauet del Priorat \u00e9s un somni que tu fas realitat nom\u00e9s cal que el desitgis per poder-lo gaudir.<\/p>\n\n<p>Degustar tastos de vi perdent-se entre vinyes, rutes a peu o en bici o en 4&#215;4 pel Montsant i el Priorat, remullar-se fent caiac pel Pant\u00e0 de Siurana, descobrir la Cartoixa d&#8217;Escaladei, les cistelles de p\u00edcnic amb productes de proximitat o ser captivat per pobles d&#8217;encant com Siurana, Albarca o Prades s\u00f3n clars exemples de les meravelloses experi\u00e8ncies a poder realitzar.<\/p>\n\n<p>Relaxa&#8217;t, prova l&#8217;ess\u00e8ncia, al cor del Montsant on pau i natura es poden palpar.<\/p>\n<div class=\"wp-block-image\">\n<figure class=\"aligncenter size-full\"><img loading=\"lazy\" decoding=\"async\" width=\"1024\" height=\"680\" src=\"https:\/\/elpalauetdelpriorat.com\/wp-content\/uploads\/2025\/04\/IMG_0493-1024x680-1.jpg\" alt=\"\" class=\"wp-image-447\" srcset=\"https:\/\/elpalauetdelpriorat.com\/wp-content\/uploads\/2025\/04\/IMG_0493-1024x680-1.jpg 1024w, https:\/\/elpalauetdelpriorat.com\/wp-content\/uploads\/2025\/04\/IMG_0493-1024x680-1-300x199.jpg 300w, https:\/\/elpalauetdelpriorat.com\/wp-content\/uploads\/2025\/04\/IMG_0493-1024x680-1-768x510.jpg 768w, https:\/\/elpalauetdelpriorat.com\/wp-content\/uploads\/2025\/04\/IMG_0493-1024x680-1-600x398.jpg 600w\" sizes=\"auto, (max-width: 1024px) 100vw, 1024px\" \/><\/figure>\n<\/div>\n<p>El Palauet del Priorat \u00e9s una casa rural amb encant mimada en detalls, ideal per perdre la noci\u00f3 del temps on present i passat s&#8217;entrella\u00e7en amb una barreja perfecta a disposici\u00f3 del client.<\/p>\n\n<p>Gran sort hem tingut de poder compartir i gaudir, el comen\u00e7ament d&#8217;aquesta aventura, que nom\u00e9s ha fet que comen\u00e7ar. Els millors professionals, especialistes, el millor marit i el millor amic, creieu-me quan dic implicaci\u00f3 incondicional&#8230; sense ells no hauria estat possible ni comen\u00e7ar. <\/p>\n\n<p><\/p>\n","protected":false},"excerpt":{"rendered":"<p>Tant si creus que pots com si creus que no pots&#8230; Est\u00e0s en el cert. Venim de mons diferents i hem decidit trencar amb l&#8217;habitual, crear un somni i deixar volar la imaginaci\u00f3. Fa 6 anys vam venir al poble de Cornudella de Montsant amb el pensament lliure de provar per\u00f2 enamorats de l&#8217;entorn i&#8230;<\/p>\n","protected":false},"author":1,"featured_media":1011,"comment_status":"closed","ping_status":"closed","sticky":false,"template":"","format":"standard","meta":{"_kad_post_transparent":"","_kad_post_title":"","_kad_post_layout":"","_kad_post_sidebar_id":"","_kad_post_content_style":"","_kad_post_vertical_padding":"","_kad_post_feature":"","_kad_post_feature_position":"","_kad_post_header":false,"_kad_post_footer":false,"_kad_post_classname":"","footnotes":""},"categories":[45],"tags":[],"class_list":["post-1155","post","type-post","status-publish","format-standard","has-post-thumbnail","hentry","category-bloc"],"_links":{"self":[{"href":"https:\/\/elpalauetdelpriorat.com\/ca\/wp-json\/wp\/v2\/posts\/1155","targetHints":{"allow":["GET"]}}],"collection":[{"href":"https:\/\/elpalauetdelpriorat.com\/ca\/wp-json\/wp\/v2\/posts"}],"about":[{"href":"https:\/\/elpalauetdelpriorat.com\/ca\/wp-json\/wp\/v2\/types\/post"}],"author":[{"embeddable":true,"href":"https:\/\/elpalauetdelpriorat.com\/ca\/wp-json\/wp\/v2\/users\/1"}],"replies":[{"embeddable":true,"href":"https:\/\/elpalauetdelpriorat.com\/ca\/wp-json\/wp\/v2\/comments?post=1155"}],"version-history":[{"count":1,"href":"https:\/\/elpalauetdelpriorat.com\/ca\/wp-json\/wp\/v2\/posts\/1155\/revisions"}],"predecessor-version":[{"id":1157,"href":"https:\/\/elpalauetdelpriorat.com\/ca\/wp-json\/wp\/v2\/posts\/1155\/revisions\/1157"}],"wp:featuredmedia":[{"embeddable":true,"href":"https:\/\/elpalauetdelpriorat.com\/ca\/wp-json\/wp\/v2\/media\/1011"}],"wp:attachment":[{"href":"https:\/\/elpalauetdelpriorat.com\/ca\/wp-json\/wp\/v2\/media?parent=1155"}],"wp:term":[{"taxonomy":"category","embeddable":true,"href":"https:\/\/elpalauetdelpriorat.com\/ca\/wp-json\/wp\/v2\/categories?post=1155"},{"taxonomy":"post_tag","embeddable":true,"href":"https:\/\/elpalauetdelpriorat.com\/ca\/wp-json\/wp\/v2\/tags?post=1155"}],"curies":[{"name":"wp","href":"https:\/\/api.w.org\/{rel}","templated":true}]}}